{"id":200,"date":"2008-03-28T22:02:46","date_gmt":"2008-03-28T21:02:46","guid":{"rendered":"https:\/\/www.czeryba.com\/maison\/2008\/03\/29\/tranchee-programmee\/"},"modified":"2008-03-29T03:12:28","modified_gmt":"2008-03-29T02:12:28","slug":"tranchee-programmee","status":"publish","type":"post","link":"https:\/\/www.czeryba.com\/maison\/2008\/03\/28\/tranchee-programmee\/","title":{"rendered":"Tranch\u00e9e programm\u00e9e : fin des probl\u00e8mes en vue !"},"content":{"rendered":"<p>Bonne nouvelle, gr\u00e2ce aux amis (merci Audrey et C\u00e9dric et donc Jacques), nous avons pu entrer en contact direct avec un terrassier r\u00e9put\u00e9 sur le secteur, mais surtout, \u00e9quip\u00e9 pour ce travail. La descente de garage est boueuse, il faut donc un engin \u00e0 chenilles imp\u00e9rativement et capable de creuser sur 3 m\u00e8tres de profondeur.<br \/>\nLa tranch\u00e9e salvatrice devrait \u00eatre r\u00e9alis\u00e9e dans 15 jours,  le rendez-vous est pris !<\/p>\n<p>A pr\u00e9voir : Achat de nouveaux tuyaux PVC \u00e0 placer au fond de la tranch\u00e9e pour guider l&rsquo;eau.<\/p>\n","protected":false},"excerpt":{"rendered":"<p>Bonne nouvelle, gr\u00e2ce aux amis (merci Audrey et C\u00e9dric et donc Jacques), nous avons pu entrer en contact direct avec un terrassier r\u00e9put\u00e9 sur le secteur, mais surtout, \u00e9quip\u00e9 pour ce travail. La descente de garage est boueuse, il faut donc un engin \u00e0 chenilles imp\u00e9rativement et capable de creuser sur 3 m\u00e8tres de profondeur. [&hellip;]<\/p>\n","protected":false},"author":2,"featured_media":0,"comment_status":"open","ping_status":"open","sticky":false,"template":"","format":"standard","meta":{"footnotes":""},"categories":[75,1],"tags":[291,179,74,177,283,32,286,209,287],"class_list":["post-200","post","type-post","status-publish","format-standard","hentry","category-drain-evacuation-eau","category-notre-projet-maison","tag-291","tag-eau","tag-ecoulement","tag-inondation","tag-lannoy-bernard","tag-terrassement","tag-terrassier","tag-tranchee","tag-tuyaux-pvc"],"_links":{"self":[{"href":"https:\/\/www.czeryba.com\/maison\/wp-json\/wp\/v2\/posts\/200","targetHints":{"allow":["GET"]}}],"collection":[{"href":"https:\/\/www.czeryba.com\/maison\/wp-json\/wp\/v2\/posts"}],"about":[{"href":"https:\/\/www.czeryba.com\/maison\/wp-json\/wp\/v2\/types\/post"}],"author":[{"embeddable":true,"href":"https:\/\/www.czeryba.com\/maison\/wp-json\/wp\/v2\/users\/2"}],"replies":[{"embeddable":true,"href":"https:\/\/www.czeryba.com\/maison\/wp-json\/wp\/v2\/comments?post=200"}],"version-history":[{"count":0,"href":"https:\/\/www.czeryba.com\/maison\/wp-json\/wp\/v2\/posts\/200\/revisions"}],"wp:attachment":[{"href":"https:\/\/www.czeryba.com\/maison\/wp-json\/wp\/v2\/media?parent=200"}],"wp:term":[{"taxonomy":"category","embeddable":true,"href":"https:\/\/www.czeryba.com\/maison\/wp-json\/wp\/v2\/categories?post=200"},{"taxonomy":"post_tag","embeddable":true,"href":"https:\/\/www.czeryba.com\/maison\/wp-json\/wp\/v2\/tags?post=200"}],"curies":[{"name":"wp","href":"https:\/\/api.w.org\/{rel}","templated":true}]}}