{"id":209,"date":"2008-04-01T18:44:11","date_gmt":"2008-04-01T17:44:11","guid":{"rendered":"https:\/\/www.czeryba.com\/maison\/2008\/04\/02\/ca-ral\/"},"modified":"2008-04-03T13:09:36","modified_gmt":"2008-04-03T12:09:36","slug":"ca-ral","status":"publish","type":"post","link":"https:\/\/www.czeryba.com\/maison\/2008\/04\/01\/ca-ral\/","title":{"rendered":"\u00e7\u00e0 RAL"},"content":{"rendered":"<p>Non, je ne r\u00e2le pas, je vais vous parler du \u00ab\u00a0<strong>R<\/strong>eichs<strong>A<\/strong>usschu\u00df f\u00fcr <strong>L<\/strong>ieferbedingungen\u00a0\u00bb\u00a0plus commun\u00e9ment appel\u00e9\u00a0RAL .<br \/>\nIl s&rsquo;agit d&rsquo;un syst\u00e8me de codification des couleurs d\u00e9velopp\u00e9 en 1927 par l&rsquo;Institut allemand pour l\u2019assurance qualit\u00e9 et le marquage associ\u00e9. Ce nuancier est utilis\u00e9 principalement pour les couleurs de peinture.<br \/>\nA sa cr\u00e9ation, il comprenait 40 couleurs codifi\u00e9es, et en compte aujourd&rsquo;hui 1687. Le plus souvent, les couleurs sont r\u00e9parties sur un \u00e9ventail de la m\u00eame fa\u00e7on que le Pantone. (Source <a target=\"_blank\" href=\"http:\/\/fr.wikipedia.org\/wiki\/RAL_%28classification_des_couleurs%29\" title=\"D\u00e9finition de la Norme RAL\">Wikipedia<\/a>)<\/p>\n<p>Dimanche sur le terrain, assez surpris, quelqu&rsquo;un me h\u00e8le&#8230; C&rsquo;est M. Boyaval, l&rsquo;artisan \u00e0 qui Bernard Lannoy sous-traite la conception et la pose de la porte de garage sectionnelle. Il est venu expr\u00e8s, en rep\u00e9rage, pour prendre les mesures r\u00e9elles de l&rsquo;espace de la porte. Quelle conscience professionnelle !<br \/>\nAllez un petit peu de pub, voici sa carte :<br \/>\n<img decoding=\"async\" src=\"https:\/\/www.czeryba.com\/maison\/wp-content\/uploads\/2008\/04\/boyaval.jpg\" alt=\"Frank Boyaval - Boyaval fermetures - Arleux\" \/><\/p>\n<p>Puis il m&rsquo;indique que le code couleur qui lui a \u00e9t\u00e9 fourni ne correspond pas \u00e0 un code RAL et qu&rsquo;il est donc bien emb\u00eat\u00e9, ne pouvant lancer la fabrication sans ce code couleur.<\/p>\n<p>Ah bon&#8230;<\/p>\n<p>Je vais donc me renseigner aupr\u00e8s du fabricant\u00a0des fen\u00eatres (K-Line) puisque c&rsquo;est sa couleur qui nous sert de r\u00e9f\u00e9rence, le fameux marron B 390 S.<br \/>\nSur le site et sur la brochure, effectivement, le marron que nous avons choisi parmi les teintes satin\u00e9es est le seul colori qui ne soit pas un RAL\u00a0(voir <a target=\"_blank\" href=\"http:\/\/www.k-line.fr\/plus_c_tein.php\">La palette de coloris de K-Line<\/a>). Ce n&rsquo;est vraiment pas de bol&#8230;<br \/>\nJ&rsquo;appelle K-Line, o\u00f9 l&rsquo;on me confirme qu&rsquo;il ne s&rsquo;agit pas d&rsquo;un colori normalis\u00e9 et l&rsquo;on me renvoie sur leur fournisseur de poudres permettant la coloration.<br \/>\nLa r\u00e9ponse viendra alors : notre marron B 390 S correspondrait dans la norme RAL au RAL 8019 satin\u00e9.<\/p>\n<p><center>Pour vous donner une id\u00e9e, cel\u00e0 donne quelque chose comme cel\u00e0 :<\/center><\/p>\n<table border=\"0\" align=\"center\" cellPadding=\"0\" cellSpacing=\"0\" style=\"width: 250px; height: 250px; background-color: #2b2629\">\n<tr>\n<td bgColor=\"#2b2629\">\u00a0<\/td>\n<\/tr>\n<\/table>\n<p><center><br \/>\nSelon le calibrage de votre \u00e9cran, certains pourraient \u00eatre tent\u00e9 de me dire<br \/>\nqu&rsquo;ils voient du noir. Alors pour vous prouver que ce n&rsquo;est pas un noir, le revoici<br \/>\nen comparaison avec du blanc et du noir : C&rsquo;est plut\u00f4t chocolat noir \/ brownie.\u00a0 \ud83d\ude09<br \/>\n<\/center><\/p>\n<table border=\"0\" align=\"center\" cellPadding=\"0\" cellSpacing=\"0\" style=\"width: 500px; height: 250px; background-color: #2b2629; border: #cccccc 1px solid\">\n<tr>\n<td bgColor=\"#ffffff\" width=\"167\"><\/td>\n<td bgColor=\"#2b2629\" width=\"167\"><\/td>\n<td bgColor=\"#000000\" width=\"167\"><\/td>\n<\/tr>\n<\/table>\n","protected":false},"excerpt":{"rendered":"<p>Non, je ne r\u00e2le pas, je vais vous parler du \u00ab\u00a0ReichsAusschu\u00df f\u00fcr Lieferbedingungen\u00a0\u00bb\u00a0plus commun\u00e9ment appel\u00e9\u00a0RAL . Il s&rsquo;agit d&rsquo;un syst\u00e8me de codification des couleurs d\u00e9velopp\u00e9 en 1927 par l&rsquo;Institut allemand pour l\u2019assurance qualit\u00e9 et le marquage associ\u00e9. Ce nuancier est utilis\u00e9 principalement pour les couleurs de peinture. A sa cr\u00e9ation, il comprenait 40 couleurs codifi\u00e9es, [&hellip;]<\/p>\n","protected":false},"author":2,"featured_media":0,"comment_status":"open","ping_status":"open","sticky":false,"template":"","format":"standard","meta":{"footnotes":""},"categories":[295,1],"tags":[304,296,297,302,301,305,299,300,303,298],"class_list":["post-209","post","type-post","status-publish","format-standard","hentry","category-menuiseries","category-notre-projet-maison","tag-aluminium","tag-b-lannoy","tag-construction-lannoy","tag-fenetre","tag-k-line","tag-menuiserie-aluminium","tag-norme-couleur","tag-norme-peinture","tag-porte-de-garage","tag-ral"],"_links":{"self":[{"href":"https:\/\/www.czeryba.com\/maison\/wp-json\/wp\/v2\/posts\/209","targetHints":{"allow":["GET"]}}],"collection":[{"href":"https:\/\/www.czeryba.com\/maison\/wp-json\/wp\/v2\/posts"}],"about":[{"href":"https:\/\/www.czeryba.com\/maison\/wp-json\/wp\/v2\/types\/post"}],"author":[{"embeddable":true,"href":"https:\/\/www.czeryba.com\/maison\/wp-json\/wp\/v2\/users\/2"}],"replies":[{"embeddable":true,"href":"https:\/\/www.czeryba.com\/maison\/wp-json\/wp\/v2\/comments?post=209"}],"version-history":[{"count":0,"href":"https:\/\/www.czeryba.com\/maison\/wp-json\/wp\/v2\/posts\/209\/revisions"}],"wp:attachment":[{"href":"https:\/\/www.czeryba.com\/maison\/wp-json\/wp\/v2\/media?parent=209"}],"wp:term":[{"taxonomy":"category","embeddable":true,"href":"https:\/\/www.czeryba.com\/maison\/wp-json\/wp\/v2\/categories?post=209"},{"taxonomy":"post_tag","embeddable":true,"href":"https:\/\/www.czeryba.com\/maison\/wp-json\/wp\/v2\/tags?post=209"}],"curies":[{"name":"wp","href":"https:\/\/api.w.org\/{rel}","templated":true}]}}