{"id":213,"date":"2008-04-06T00:24:04","date_gmt":"2008-04-05T23:24:04","guid":{"rendered":"https:\/\/www.czeryba.com\/maison\/2008\/04\/06\/charpente-posee\/"},"modified":"2008-04-08T22:19:28","modified_gmt":"2008-04-08T21:19:28","slug":"charpente-posee","status":"publish","type":"post","link":"https:\/\/www.czeryba.com\/maison\/2008\/04\/06\/charpente-posee\/","title":{"rendered":"Charpente pos\u00e9e et dalle coul\u00e9e"},"content":{"rendered":"<p>Voici les photos des nombreuses avanc\u00e9es de la semaine.<\/p>\n<p>Fa\u00e7ade de la maison :<br \/>\n<img decoding=\"async\" src=\"https:\/\/www.czeryba.com\/maison\/wp-content\/uploads\/2008\/04\/facade-maison.jpg\" alt=\"Fa\u00e7ade de la maison\" \/><\/p>\n<p>Plan large de la charpente :<br \/>\n<img decoding=\"async\" src=\"https:\/\/www.czeryba.com\/maison\/wp-content\/uploads\/2008\/04\/plan-large-charpnte.jpg\" alt=\"Plan large de la charpente\" \/><\/p>\n<p>Vue arri\u00e8re la maison :<br \/>\n<img decoding=\"async\" src=\"https:\/\/www.czeryba.com\/maison\/wp-content\/uploads\/2008\/04\/vue-arriere.jpg\" alt=\"Vue Arri\u00e8re de la maison\" \/><\/p>\n<p>La charpente, de l&rsquo;int\u00e9rieur :<br \/>\n<img decoding=\"async\" src=\"https:\/\/www.czeryba.com\/maison\/wp-content\/uploads\/2008\/04\/charpente_1.jpg\" alt=\"Charpente 1\" \/><\/p>\n<p>La charpente, de l&rsquo;int\u00e9rieur, suite :<br \/>\n<img decoding=\"async\" src=\"https:\/\/www.czeryba.com\/maison\/wp-content\/uploads\/2008\/04\/charpente_2.jpg\" alt=\"Charpente 2\" \/><\/p>\n<p>Le pignon droit termin\u00e9 :<br \/>\n<img decoding=\"async\" src=\"https:\/\/www.czeryba.com\/maison\/wp-content\/uploads\/2008\/04\/pignon-droit.jpg\" alt=\"Pignon droit\" \/><\/p>\n<p>La dalle du sous-sol est coul\u00e9e, l&rsquo;acc\u00e8s est bloqu\u00e9 afin qu&rsquo;elle s\u00e8che tranquillement :<br \/>\n<img decoding=\"async\" src=\"https:\/\/www.czeryba.com\/maison\/wp-content\/uploads\/2008\/04\/dalle-sous-sol.jpg\" alt=\"Dalle du sous-sol\" \/><\/p>\n<p>Les tuiles ont \u00e9t\u00e9 livr\u00e9es jeudi. Ce sont des tuiles St Germer mod\u00e8le Terroise flamm\u00e9e, fournies par Imerys :<br \/>\n<img decoding=\"async\" src=\"https:\/\/www.czeryba.com\/maison\/wp-content\/uploads\/2008\/04\/tuiles-terre-cuite.jpg\" alt=\"Tuiles terre cuite petit moule 22 au m2\" \/><\/p>\n<p>Application d&rsquo;un ciment de finition juste sous les briques, qui masque au passage le noir du vernis bitumeux.<br \/>\n<img decoding=\"async\" src=\"https:\/\/www.czeryba.com\/maison\/wp-content\/uploads\/2008\/04\/ciment-de-finition.jpg\" alt=\"Application d\u2019un cimen de finition\" \/><\/p>\n<p>Petit hic sur la planche de rive : elle est en PVC, blanche alors que nous l&rsquo;avions demand\u00e9 noire&#8230;<br \/>\nPour la petite histoire, puisque nous n&rsquo;avons pas choisi les menuiseries en bois,<br \/>\nla planche de rive ne le sera pas non plus, ce sera du PVC. Il y avait 3 coloris : Blanc, Noir et Marron imitation bois.<br \/>\nL&rsquo;imitation bois, on l&rsquo;a trouv\u00e9 super kitch et pour le blanc, on s&rsquo;est fait suer \u00e0 prendre des menuiseries Alu color\u00e9es, ce n&rsquo;est pas pour mettre du PVC blanc ultra visible tout autour de la maison&#8230;<br \/>\nJe vais donc demander \u00e0 ce qu&rsquo;elle soit chang\u00e9e, en noir, conform\u00e9ment \u00e0 notre choix.<br \/>\n<img decoding=\"async\" src=\"https:\/\/www.czeryba.com\/maison\/wp-content\/uploads\/2008\/04\/planche-de-rive.jpg\" alt=\"Probl\u00e8me sur la couleur de la planche de rive\" \/><\/p>\n","protected":false},"excerpt":{"rendered":"<p>Voici les photos des nombreuses avanc\u00e9es de la semaine. Fa\u00e7ade de la maison : Plan large de la charpente : Vue arri\u00e8re la maison : La charpente, de l&rsquo;int\u00e9rieur : La charpente, de l&rsquo;int\u00e9rieur, suite : Le pignon droit termin\u00e9 : La dalle du sous-sol est coul\u00e9e, l&rsquo;acc\u00e8s est bloqu\u00e9 afin qu&rsquo;elle s\u00e8che tranquillement : [&hellip;]<\/p>\n","protected":false},"author":2,"featured_media":0,"comment_status":"open","ping_status":"open","sticky":false,"template":"","format":"standard","meta":{"footnotes":""},"categories":[307,1],"tags":[827,311,317,321,316,320,80,318,319,314],"class_list":["post-213","post","type-post","status-publish","format-standard","hentry","category-charpente","category-notre-projet-maison","tag-charpente","tag-charpente-bois","tag-charpentier","tag-contre-latte","tag-lanoy-construction","tag-latte","tag-maison-lannoy","tag-poutre","tag-poutrelle","tag-tuiles"],"_links":{"self":[{"href":"https:\/\/www.czeryba.com\/maison\/wp-json\/wp\/v2\/posts\/213","targetHints":{"allow":["GET"]}}],"collection":[{"href":"https:\/\/www.czeryba.com\/maison\/wp-json\/wp\/v2\/posts"}],"about":[{"href":"https:\/\/www.czeryba.com\/maison\/wp-json\/wp\/v2\/types\/post"}],"author":[{"embeddable":true,"href":"https:\/\/www.czeryba.com\/maison\/wp-json\/wp\/v2\/users\/2"}],"replies":[{"embeddable":true,"href":"https:\/\/www.czeryba.com\/maison\/wp-json\/wp\/v2\/comments?post=213"}],"version-history":[{"count":0,"href":"https:\/\/www.czeryba.com\/maison\/wp-json\/wp\/v2\/posts\/213\/revisions"}],"wp:attachment":[{"href":"https:\/\/www.czeryba.com\/maison\/wp-json\/wp\/v2\/media?parent=213"}],"wp:term":[{"taxonomy":"category","embeddable":true,"href":"https:\/\/www.czeryba.com\/maison\/wp-json\/wp\/v2\/categories?post=213"},{"taxonomy":"post_tag","embeddable":true,"href":"https:\/\/www.czeryba.com\/maison\/wp-json\/wp\/v2\/tags?post=213"}],"curies":[{"name":"wp","href":"https:\/\/api.w.org\/{rel}","templated":true}]}}