{"id":244,"date":"2008-04-17T19:08:47","date_gmt":"2008-04-17T18:08:47","guid":{"rendered":"https:\/\/www.czeryba.com\/maison\/?p=244"},"modified":"2008-04-18T07:26:10","modified_gmt":"2008-04-18T06:26:10","slug":"assurancetourix-erdf-et-les-plafonds","status":"publish","type":"post","link":"https:\/\/www.czeryba.com\/maison\/2008\/04\/17\/assurancetourix-erdf-et-les-plafonds\/","title":{"rendered":"Assurancetourix, ERDF et les plafonds"},"content":{"rendered":"<p>Cette semaine, les couvreurs ont termin\u00e9 le fa\u00eetage, la maison est donc maintenant \u00ab\u00a0hors d&rsquo;eau\u00a0\u00bb. Nous avons contact\u00e9 notre assureur militant afin de prot\u00e9ger la maison par extension de notre contrat habitation, le temps que nous y emm\u00e9nagions. Un petit coup de fil et hop en 5 minutes, c&rsquo;\u00e9tait fait ! Magie&#8230;<\/p>\n<p>R\u00e9ception d&rsquo;un nouvel appel de fonds, cette fois pour la charpente et la couverture -&gt; transfert de la demande \u00e0 la Banque.<\/p>\n<p>Envoi de la demande de raccordement \u00e0 ERDF.<\/p>\n<p>Au niveau de la maison, ce sont les plafonds du rez-de-chauss\u00e9e qui ont \u00e9t\u00e9 r\u00e9alis\u00e9s juste avant la pose des menuiseries qui devraient d\u00e9marrer demain vendredi.<\/p>\n<p>La fa\u00e7ade de la maison, fa\u00eetage termin\u00e9 et all\u00e9g\u00e9e de ses \u00e9chafaudages :<\/p>\n<p><img loading=\"lazy\" decoding=\"async\" class=\"aligncenter size-full wp-image-245\" title=\"Fa\u00e7ade de la maison, fa\u00eetage termin\u00e9\" src=\"https:\/\/www.czeryba.com\/maison\/wp-content\/uploads\/2008\/04\/facade-maison-faitage.jpg\" alt=\"Fa\u00e7ade de la maison, fa\u00eetage termin\u00e9\" width=\"500\" height=\"332\" srcset=\"https:\/\/www.czeryba.com\/maison\/wp-content\/uploads\/2008\/04\/facade-maison-faitage.jpg 2048w, https:\/\/www.czeryba.com\/maison\/wp-content\/uploads\/2008\/04\/facade-maison-faitage-300x199.jpg 300w\" sizes=\"auto, (max-width: 500px) 100vw, 500px\" \/><\/p>\n<p>Les plafonds du rez-de-chauss\u00e9e :<\/p>\n<p><img loading=\"lazy\" decoding=\"async\" class=\"aligncenter size-full wp-image-246\" title=\"Plafond vue 1\" src=\"https:\/\/www.czeryba.com\/maison\/wp-content\/uploads\/2008\/04\/plafond-1.jpg\" alt=\"Plafond vue 1\" width=\"500\" height=\"332\" srcset=\"https:\/\/www.czeryba.com\/maison\/wp-content\/uploads\/2008\/04\/plafond-1.jpg 2048w, https:\/\/www.czeryba.com\/maison\/wp-content\/uploads\/2008\/04\/plafond-1-300x199.jpg 300w\" sizes=\"auto, (max-width: 500px) 100vw, 500px\" \/><\/p>\n<p><img loading=\"lazy\" decoding=\"async\" class=\"aligncenter size-full wp-image-247\" title=\"Plafond vue 2\" src=\"https:\/\/www.czeryba.com\/maison\/wp-content\/uploads\/2008\/04\/plafond-2.jpg\" alt=\"Plafond vue 2\" width=\"500\" height=\"332\" srcset=\"https:\/\/www.czeryba.com\/maison\/wp-content\/uploads\/2008\/04\/plafond-2.jpg 2048w, https:\/\/www.czeryba.com\/maison\/wp-content\/uploads\/2008\/04\/plafond-2-300x199.jpg 300w\" sizes=\"auto, (max-width: 500px) 100vw, 500px\" \/><\/p>\n<p><img loading=\"lazy\" decoding=\"async\" class=\"aligncenter size-full wp-image-248\" title=\"Plafond vue 3\" src=\"https:\/\/www.czeryba.com\/maison\/wp-content\/uploads\/2008\/04\/plafond-3.jpg\" alt=\"Plafond vue 3\" width=\"500\" height=\"332\" srcset=\"https:\/\/www.czeryba.com\/maison\/wp-content\/uploads\/2008\/04\/plafond-3.jpg 2048w, https:\/\/www.czeryba.com\/maison\/wp-content\/uploads\/2008\/04\/plafond-3-300x199.jpg 300w\" sizes=\"auto, (max-width: 500px) 100vw, 500px\" \/><\/p>\n<p><img loading=\"lazy\" decoding=\"async\" class=\"aligncenter size-full wp-image-249\" title=\"Plafond vue 4\" src=\"https:\/\/www.czeryba.com\/maison\/wp-content\/uploads\/2008\/04\/plafond-4.jpg\" alt=\"Plafond vue 4\" width=\"500\" height=\"332\" srcset=\"https:\/\/www.czeryba.com\/maison\/wp-content\/uploads\/2008\/04\/plafond-4.jpg 2048w, https:\/\/www.czeryba.com\/maison\/wp-content\/uploads\/2008\/04\/plafond-4-300x199.jpg 300w\" sizes=\"auto, (max-width: 500px) 100vw, 500px\" \/><\/p>\n<p><img loading=\"lazy\" decoding=\"async\" class=\"aligncenter size-full wp-image-250\" title=\"Plafond vue 5\" src=\"https:\/\/www.czeryba.com\/maison\/wp-content\/uploads\/2008\/04\/plafond-5.jpg\" alt=\"Plafond vue 5\" width=\"500\" height=\"752\" srcset=\"https:\/\/www.czeryba.com\/maison\/wp-content\/uploads\/2008\/04\/plafond-5.jpg 1360w, https:\/\/www.czeryba.com\/maison\/wp-content\/uploads\/2008\/04\/plafond-5-199x300.jpg 199w\" sizes=\"auto, (max-width: 500px) 100vw, 500px\" \/><\/p>\n<p>Enfin, une vue de la tr\u00e9mie qui permettra l&rsquo;acc\u00e8s au comble am\u00e9nageable :<\/p>\n<p><img loading=\"lazy\" decoding=\"async\" class=\"aligncenter size-full wp-image-251\" title=\"tremie-comble\" src=\"https:\/\/www.czeryba.com\/maison\/wp-content\/uploads\/2008\/04\/tremie-comble.jpg\" alt=\"Tr\u00e9mie d\\'acc\u00e8s au comble\" width=\"500\" height=\"332\" srcset=\"https:\/\/www.czeryba.com\/maison\/wp-content\/uploads\/2008\/04\/tremie-comble.jpg 2048w, https:\/\/www.czeryba.com\/maison\/wp-content\/uploads\/2008\/04\/tremie-comble-300x199.jpg 300w\" sizes=\"auto, (max-width: 500px) 100vw, 500px\" \/><\/p>\n","protected":false},"excerpt":{"rendered":"<p>Cette semaine, les couvreurs ont termin\u00e9 le fa\u00eetage, la maison est donc maintenant \u00ab\u00a0hors d&rsquo;eau\u00a0\u00bb. Nous avons contact\u00e9 notre assureur militant afin de prot\u00e9ger la maison par extension de notre contrat habitation, le temps que nous y emm\u00e9nagions. Un petit coup de fil et hop en 5 minutes, c&rsquo;\u00e9tait fait ! Magie&#8230; R\u00e9ception d&rsquo;un nouvel [&hellip;]<\/p>\n","protected":false},"author":2,"featured_media":0,"comment_status":"open","ping_status":"open","sticky":false,"template":"","format":"standard","meta":{"footnotes":""},"categories":[1],"tags":[342,828,347,336,345,344,343,349,348,346],"class_list":["post-244","post","type-post","status-publish","format-standard","hentry","category-notre-projet-maison","tag-assurance","tag-couverture","tag-erdf","tag-faitage","tag-hors-dair","tag-hors-deau","tag-maif","tag-placo","tag-plafond","tag-raccordement"],"_links":{"self":[{"href":"https:\/\/www.czeryba.com\/maison\/wp-json\/wp\/v2\/posts\/244","targetHints":{"allow":["GET"]}}],"collection":[{"href":"https:\/\/www.czeryba.com\/maison\/wp-json\/wp\/v2\/posts"}],"about":[{"href":"https:\/\/www.czeryba.com\/maison\/wp-json\/wp\/v2\/types\/post"}],"author":[{"embeddable":true,"href":"https:\/\/www.czeryba.com\/maison\/wp-json\/wp\/v2\/users\/2"}],"replies":[{"embeddable":true,"href":"https:\/\/www.czeryba.com\/maison\/wp-json\/wp\/v2\/comments?post=244"}],"version-history":[{"count":0,"href":"https:\/\/www.czeryba.com\/maison\/wp-json\/wp\/v2\/posts\/244\/revisions"}],"wp:attachment":[{"href":"https:\/\/www.czeryba.com\/maison\/wp-json\/wp\/v2\/media?parent=244"}],"wp:term":[{"taxonomy":"category","embeddable":true,"href":"https:\/\/www.czeryba.com\/maison\/wp-json\/wp\/v2\/categories?post=244"},{"taxonomy":"post_tag","embeddable":true,"href":"https:\/\/www.czeryba.com\/maison\/wp-json\/wp\/v2\/tags?post=244"}],"curies":[{"name":"wp","href":"https:\/\/api.w.org\/{rel}","templated":true}]}}