{"id":255,"date":"2008-04-18T19:30:49","date_gmt":"2008-04-18T18:30:49","guid":{"rendered":"https:\/\/www.czeryba.com\/maison\/?p=255"},"modified":"2008-04-20T13:05:52","modified_gmt":"2008-04-20T12:05:52","slug":"lalu-est-la","status":"publish","type":"post","link":"https:\/\/www.czeryba.com\/maison\/2008\/04\/18\/lalu-est-la\/","title":{"rendered":"L&rsquo;Alu est l\u00e0"},"content":{"rendered":"<p>Comme pr\u00e9vu, les menuiseries Aluminium sont l\u00e0 !<br \/>\nPas moins de 7 fen\u00eatres + la baie vitr\u00e9e + la porte d&rsquo;entr\u00e9e vont \u00eatre install\u00e9es sur la journ\u00e9e !<\/p>\n<p>Pour que la maison soit d\u00eete \u00ab\u00a0hors d&rsquo;air\u00a0\u00bb, Il ne restera qu&rsquo;\u00e0 ma\u00e7onner les appuis de fen\u00eatres ext\u00e9rieurs en brique qui attendaient justement la pose des menuiseries afin de les faire sur mesure. Et oui, s&rsquo;ils avaient \u00e9t\u00e9 fait \u00e0 l&rsquo;avance, avec des fen\u00eatres en bois, il serait possible de \u00ab\u00a0raboter\u00a0\u00bb un peu pour adapter au cas o\u00f9 mais ici avec de l&rsquo;Aluminium, c&rsquo;est impossible, \u00e7\u00e0 doit coller pile-poil. C&rsquo;est pourquoi ils seront r\u00e9alis\u00e9s dans les jours \u00e0 venir.<\/p>\n<p>Les montants sont fins, laissant ainsi une plus grande surface vitr\u00e9e par rapport aux fen\u00eatres bois.<\/p>\n<p>Particularit\u00e9 des produits de la marque K-Line, la bi-coloration. Pour nous c&rsquo;est le fameux marron B 390 S (<a href=\"https:\/\/www.czeryba.com\/maison\/2008\/04\/01\/ca-ral\/\">cf article pr\u00e9c\u00e9dent<\/a>) pour l&rsquo;ext\u00e9rieur et blanc \u00e0 l&rsquo;int\u00e9rieur.<\/p>\n<p><img loading=\"lazy\" decoding=\"async\" class=\"aligncenter size-full wp-image-259\" title=\"Les menuiseries Aluminium\" src=\"https:\/\/www.czeryba.com\/maison\/wp-content\/uploads\/2008\/04\/facade-menuiseries.jpg\" alt=\"Les menuiseries Aluminium\" width=\"500\" height=\"332\" srcset=\"https:\/\/www.czeryba.com\/maison\/wp-content\/uploads\/2008\/04\/facade-menuiseries.jpg 500w, https:\/\/www.czeryba.com\/maison\/wp-content\/uploads\/2008\/04\/facade-menuiseries-300x199.jpg 300w\" sizes=\"auto, (max-width: 500px) 100vw, 500px\" \/><\/p>\n<p>La porte d&rsquo;entr\u00e9e, la vraie !  (et plus <a href=\"https:\/\/www.czeryba.com\/maison\/2008\/03\/19\/deux-cest-mieux\/\">mon montage photo<\/a>) :<br \/>\nElle a quelque peu cr\u00e9\u00e9 la surprise aupr\u00e8s du voisinage, qui n&rsquo;avait jamais vu<br \/>\nde porte de ce style. Nous la trouvons superbe !<br \/>\nPr\u00e9cision : Elle est ici recouverte de divers films plastique de protection.<br \/>\nLes encadrements des verres d\u00e9polis sont en Inox bross\u00e9.<br \/>\n<img loading=\"lazy\" decoding=\"async\" class=\"aligncenter size-full wp-image-262\" title=\"La porte d\\'entr\u00e9e en vrai\" src=\"https:\/\/www.czeryba.com\/maison\/wp-content\/uploads\/2008\/04\/porte-entree.jpg\" alt=\"La porte d\\'entr\u00e9e en vrai\" width=\"500\" height=\"332\" srcset=\"https:\/\/www.czeryba.com\/maison\/wp-content\/uploads\/2008\/04\/porte-entree.jpg 500w, https:\/\/www.czeryba.com\/maison\/wp-content\/uploads\/2008\/04\/porte-entree-300x199.jpg 300w\" sizes=\"auto, (max-width: 500px) 100vw, 500px\" \/><\/p>\n<p>Les menuiseries arri\u00e8res :<br \/>\n<img loading=\"lazy\" decoding=\"async\" class=\"aligncenter size-full wp-image-264\" title=\"Les menuiseries arri\u00e8re\" src=\"https:\/\/www.czeryba.com\/maison\/wp-content\/uploads\/2008\/04\/arriere-menuiseries.jpg\" alt=\"Les menuiseries arri\u00e8re\" width=\"500\" height=\"332\" srcset=\"https:\/\/www.czeryba.com\/maison\/wp-content\/uploads\/2008\/04\/arriere-menuiseries.jpg 500w, https:\/\/www.czeryba.com\/maison\/wp-content\/uploads\/2008\/04\/arriere-menuiseries-300x199.jpg 300w\" sizes=\"auto, (max-width: 500px) 100vw, 500px\" \/><\/p>\n<p>Et maintenant la bicoloration en images avec les vues int\u00e9rieures.<br \/>\nOui oui, vous avez bien lu : \u00ab\u00a0vues <strong>int\u00e9rieures<\/strong>\u00ab\u00a0.<br \/>\nIl faut savoir que d\u00e8s le d\u00e9but du projet, Bernard Lannoy nous a remis une cl\u00e9 de type Pass&rsquo; qui nous permet aujourd&rsquo;hui, apr\u00e8s la pose de la porte, et bien, de l&rsquo;ouvrir !<br \/>\nL\u00e0 o\u00f9 nombre de constructeurs vous interdisent l&rsquo;acc\u00e8s et se servent m\u00eame de la remise des cl\u00e9s pour faire pression pour la lev\u00e9e des r\u00e9serves finales, ici, 3 mois avant la r\u00e9ception, nous avons un libre acc\u00e8s \u00e0 l&rsquo;int\u00e9rieur de notre maison !<br \/>\nC\u00e0 a l&rsquo;air de rien mais c&rsquo;est \u00e9norme.<\/p>\n<p>Les fen\u00eatres et la porte c\u00f4t\u00e9 fa\u00e7ade de la maison :<br \/>\nEt comme convenu la porte ainsi que toutes les fen\u00eatres sont en Aluminium blanc \u00e0 l&rsquo;int\u00e9rieur, ce qui contribuera \u00e0 la luminosit\u00e9 des futures pi\u00e8ces.<br \/>\nVous noterez au passage que les coffrets pour les volets roulants sont int\u00e9gr\u00e9s. Nous ne pouvons pas le v\u00e9rifier aujourd&rsquo;hui, mais les volets roulants<br \/>\n(\u00ab\u00a0Bubendorff\u00a0\u00bb s&rsquo;il vous plait), devraient \u00e9galement \u00eatre de couleur B 390 S soit le RAL 8019.<br \/>\n<img loading=\"lazy\" decoding=\"async\" class=\"aligncenter size-full wp-image-261\" title=\"Menuiseries int\u00e9rieures - vue avant\" src=\"https:\/\/www.czeryba.com\/maison\/wp-content\/uploads\/2008\/04\/interieur-avant.jpg\" alt=\"Menuiseries int\u00e9rieures - vue avant\" width=\"500\" height=\"332\" srcset=\"https:\/\/www.czeryba.com\/maison\/wp-content\/uploads\/2008\/04\/interieur-avant.jpg 500w, https:\/\/www.czeryba.com\/maison\/wp-content\/uploads\/2008\/04\/interieur-avant-300x199.jpg 300w\" sizes=\"auto, (max-width: 500px) 100vw, 500px\" \/><\/p>\n<p>Les fen\u00eatres c\u00f4t\u00e9 arri\u00e8re de la maison :<br \/>\n<img loading=\"lazy\" decoding=\"async\" class=\"aligncenter size-full wp-image-260\" title=\"Menuiseries int\u00e9rieures - vue arri\u00e8re\" src=\"https:\/\/www.czeryba.com\/maison\/wp-content\/uploads\/2008\/04\/interieur-arriere.jpg\" alt=\"Menuiseries int\u00e9rieures - vue arri\u00e8re\" width=\"500\" height=\"332\" srcset=\"https:\/\/www.czeryba.com\/maison\/wp-content\/uploads\/2008\/04\/interieur-arriere.jpg 500w, https:\/\/www.czeryba.com\/maison\/wp-content\/uploads\/2008\/04\/interieur-arriere-300x199.jpg 300w\" sizes=\"auto, (max-width: 500px) 100vw, 500px\" \/><\/p>\n<p>Ici quelques macros sur les appuis de fen\u00eatre. Je ne fais ici qu&rsquo;un pr\u00e9-constat, pas d&rsquo;inqui\u00e9tude, je vais attendre les finitions pour cel\u00e0. Les appuis de fen\u00eatre sont pour la plupart griff\u00e9s et\/ou abim\u00e9s. Pas tr\u00e8s classe&#8230; pour l&rsquo;instant. Wait and see.<br \/>\n<img loading=\"lazy\" decoding=\"async\" class=\"aligncenter size-full wp-image-256\" title=\"Appui de fen\u00eatre 1\" src=\"https:\/\/www.czeryba.com\/maison\/wp-content\/uploads\/2008\/04\/appui-1.jpg\" alt=\"Appui de fen\u00eatre 1\" width=\"500\" height=\"375\" srcset=\"https:\/\/www.czeryba.com\/maison\/wp-content\/uploads\/2008\/04\/appui-1.jpg 500w, https:\/\/www.czeryba.com\/maison\/wp-content\/uploads\/2008\/04\/appui-1-300x225.jpg 300w\" sizes=\"auto, (max-width: 500px) 100vw, 500px\" \/><\/p>\n<p><img loading=\"lazy\" decoding=\"async\" class=\"aligncenter size-full wp-image-257\" title=\"Appui de fen\u00eatre 2\" src=\"https:\/\/www.czeryba.com\/maison\/wp-content\/uploads\/2008\/04\/appui-2.jpg\" alt=\"Appui de fen\u00eatre 2\" width=\"500\" height=\"375\" srcset=\"https:\/\/www.czeryba.com\/maison\/wp-content\/uploads\/2008\/04\/appui-2.jpg 500w, https:\/\/www.czeryba.com\/maison\/wp-content\/uploads\/2008\/04\/appui-2-300x225.jpg 300w\" sizes=\"auto, (max-width: 500px) 100vw, 500px\" \/><\/p>\n<p><img loading=\"lazy\" decoding=\"async\" class=\"aligncenter size-full wp-image-258\" title=\"Appui de fen\u00eatre 3\" src=\"https:\/\/www.czeryba.com\/maison\/wp-content\/uploads\/2008\/04\/appui-3.jpg\" alt=\"Appui de fen\u00eatre 3\" width=\"500\" height=\"375\" srcset=\"https:\/\/www.czeryba.com\/maison\/wp-content\/uploads\/2008\/04\/appui-3.jpg 500w, https:\/\/www.czeryba.com\/maison\/wp-content\/uploads\/2008\/04\/appui-3-300x225.jpg 300w\" sizes=\"auto, (max-width: 500px) 100vw, 500px\" \/><\/p>\n<p>Je me posais la question de la luminosit\u00e9 \u00e0 l&rsquo;\u00e9tage dans le comble am\u00e9nageable,<br \/>\net bonne surprise avec les 2 Velux, en pleine journ\u00e9e malgr\u00e9 un temps plus que maussade, \u00e7\u00e0 a l&rsquo;air tr\u00e8s clair :<br \/>\n<img loading=\"lazy\" decoding=\"async\" class=\"aligncenter size-full wp-image-263\" title=\"Lumi\u00e8re du jour \u00e0 l\\'\u00e9tage\" src=\"https:\/\/www.czeryba.com\/maison\/wp-content\/uploads\/2008\/04\/vue-etage.jpg\" alt=\"Lumi\u00e8re du jour \u00e0 l\\'\u00e9tage\" width=\"500\" height=\"332\" srcset=\"https:\/\/www.czeryba.com\/maison\/wp-content\/uploads\/2008\/04\/vue-etage.jpg 500w, https:\/\/www.czeryba.com\/maison\/wp-content\/uploads\/2008\/04\/vue-etage-300x199.jpg 300w\" sizes=\"auto, (max-width: 500px) 100vw, 500px\" \/><\/p>\n","protected":false},"excerpt":{"rendered":"<p>Comme pr\u00e9vu, les menuiseries Aluminium sont l\u00e0 ! Pas moins de 7 fen\u00eatres + la baie vitr\u00e9e + la porte d&rsquo;entr\u00e9e vont \u00eatre install\u00e9es sur la journ\u00e9e ! Pour que la maison soit d\u00eete \u00ab\u00a0hors d&rsquo;air\u00a0\u00bb, Il ne restera qu&rsquo;\u00e0 ma\u00e7onner les appuis de fen\u00eatres ext\u00e9rieurs en brique qui attendaient justement la pose des menuiseries [&hellip;]<\/p>\n","protected":false},"author":2,"featured_media":0,"comment_status":"open","ping_status":"open","sticky":false,"template":"","format":"standard","meta":{"footnotes":""},"categories":[295],"tags":[304,376,375,302,372,370,373,371,374],"class_list":["post-255","post","type-post","status-publish","format-standard","hentry","category-menuiseries","tag-aluminium","tag-aluminium-bicolore","tag-baie-vitree","tag-fenetre","tag-kline","tag-menuiserie","tag-menuiserie-alu","tag-porte","tag-pose-fenetre"],"_links":{"self":[{"href":"https:\/\/www.czeryba.com\/maison\/wp-json\/wp\/v2\/posts\/255","targetHints":{"allow":["GET"]}}],"collection":[{"href":"https:\/\/www.czeryba.com\/maison\/wp-json\/wp\/v2\/posts"}],"about":[{"href":"https:\/\/www.czeryba.com\/maison\/wp-json\/wp\/v2\/types\/post"}],"author":[{"embeddable":true,"href":"https:\/\/www.czeryba.com\/maison\/wp-json\/wp\/v2\/users\/2"}],"replies":[{"embeddable":true,"href":"https:\/\/www.czeryba.com\/maison\/wp-json\/wp\/v2\/comments?post=255"}],"version-history":[{"count":0,"href":"https:\/\/www.czeryba.com\/maison\/wp-json\/wp\/v2\/posts\/255\/revisions"}],"wp:attachment":[{"href":"https:\/\/www.czeryba.com\/maison\/wp-json\/wp\/v2\/media?parent=255"}],"wp:term":[{"taxonomy":"category","embeddable":true,"href":"https:\/\/www.czeryba.com\/maison\/wp-json\/wp\/v2\/categories?post=255"},{"taxonomy":"post_tag","embeddable":true,"href":"https:\/\/www.czeryba.com\/maison\/wp-json\/wp\/v2\/tags?post=255"}],"curies":[{"name":"wp","href":"https:\/\/api.w.org\/{rel}","templated":true}]}}