{"id":312,"date":"2008-05-01T16:44:05","date_gmt":"2008-05-01T15:44:05","guid":{"rendered":"https:\/\/www.czeryba.com\/maison\/?p=312"},"modified":"2008-05-05T19:16:43","modified_gmt":"2008-05-05T18:16:43","slug":"inspection-suite","status":"publish","type":"post","link":"https:\/\/www.czeryba.com\/maison\/2008\/05\/01\/inspection-suite\/","title":{"rendered":"Inspection (suite)"},"content":{"rendered":"<p>Nous constatons que les cadres des portes n&rsquo;ont pas \u00e9t\u00e9 d\u00e9plac\u00e9s alors que les \u00e9lectriciens sont intervenus.<br \/>\nProbl\u00e8me : 2 portes \u00e9tant mal plac\u00e9es, leurs interrupteurs le seront \u00e9galement.<br \/>\n<strong>[ Rectificatif <\/strong>: L&rsquo;\u00e9lectricien m&rsquo;a confirm\u00e9 avoir \u00e9t\u00e9 inform\u00e9 du d\u00e9placement \u00e0 venir de ces portes. La pose a donc \u00e9t\u00e9 faite en en tenant compte. <strong>]<\/strong><\/p>\n<p>Autre chose, dont nous ne nous \u00e9tions pas aper\u00e7u, le vitrage de la fen\u00eatre de la salle de bains est \u00ab\u00a0clair\u00a0\u00bb alors qu&rsquo;il devrait \u00eatre d\u00e9poli&#8230; Je me souviens avoir eu cette discussion o\u00f9 nous parlions de \u00ab\u00a0verre flout\u00e9\u00a0\u00bb et au cours de laquelle on nous a r\u00e9pondu qu&rsquo;il fallait employer le terme de verre d\u00e9poli.<br \/>\nEnfin bref, \u00ab\u00a0flout\u00e9\u00a0\u00bb ou \u00ab\u00a0d\u00e9poli\u00a0\u00bb, le vitrage de la salle de bains ne doit pas \u00eatre clair.<\/p>\n<p>Enfin pour terminer, l&rsquo;escalier droit livr\u00e9 il y a 2 ou 3 semaines qui devrait permettre l&rsquo;acc\u00e8s du rez-de-chauss\u00e9e au sous-sol ne comprend pas de contremarches.<br \/>\nOr, dans le contrat il est indiqu\u00e9 ceci : \u00ab\u00a0<em>il y est pr\u00e9vu des contremarches dans le cas d&rsquo;un sous-sol<\/em>\u00ab\u00a0.<\/p>\n<p><img loading=\"lazy\" decoding=\"async\" class=\"aligncenter size-full wp-image-314\" title=\"Contrat de construction : Escalier du sous-sol\" src=\"https:\/\/www.czeryba.com\/maison\/wp-content\/uploads\/2008\/05\/contrat-escalier-sous-sol-2.jpg\" alt=\"Contrat de construction : Escalier du sous-sol\" width=\"500\" height=\"125\" srcset=\"https:\/\/www.czeryba.com\/maison\/wp-content\/uploads\/2008\/05\/contrat-escalier-sous-sol-2.jpg 500w, https:\/\/www.czeryba.com\/maison\/wp-content\/uploads\/2008\/05\/contrat-escalier-sous-sol-2-300x75.jpg 300w\" sizes=\"auto, (max-width: 500px) 100vw, 500px\" \/><\/p>\n<p>et voici l&rsquo;escalier en question, qui ne poss\u00e8de pas de contremarches :<\/p>\n<p><img loading=\"lazy\" decoding=\"async\" class=\"aligncenter size-full wp-image-315\" title=\"Escalier du sous-sol\" src=\"https:\/\/www.czeryba.com\/maison\/wp-content\/uploads\/2008\/05\/escalier-sous-sol.jpg\" alt=\"Escalier du sous-sol\" width=\"500\" height=\"332\" srcset=\"https:\/\/www.czeryba.com\/maison\/wp-content\/uploads\/2008\/05\/escalier-sous-sol.jpg 500w, https:\/\/www.czeryba.com\/maison\/wp-content\/uploads\/2008\/05\/escalier-sous-sol-300x199.jpg 300w\" sizes=\"auto, (max-width: 500px) 100vw, 500px\" \/><\/p>\n<p><strong>[ Rectificatif <\/strong>: 05\/05\/2008 : c&rsquo;est l&rsquo;escalier qui m\u00e8ne au comble qui aura des contremarches et non l&rsquo;escalier menant au sous-sol. il s&rsquo;agit donc bien ici de l&rsquo;escalier du sous-sol et il n&rsquo;aura pas de contremarches. <strong>]<\/strong><\/p>\n","protected":false},"excerpt":{"rendered":"<p>Nous constatons que les cadres des portes n&rsquo;ont pas \u00e9t\u00e9 d\u00e9plac\u00e9s alors que les \u00e9lectriciens sont intervenus. Probl\u00e8me : 2 portes \u00e9tant mal plac\u00e9es, leurs interrupteurs le seront \u00e9galement. [ Rectificatif : L&rsquo;\u00e9lectricien m&rsquo;a confirm\u00e9 avoir \u00e9t\u00e9 inform\u00e9 du d\u00e9placement \u00e0 venir de ces portes. La pose a donc \u00e9t\u00e9 faite en en tenant compte. [&hellip;]<\/p>\n","protected":false},"author":2,"featured_media":0,"comment_status":"open","ping_status":"open","sticky":false,"template":"","format":"standard","meta":{"footnotes":""},"categories":[1],"tags":[430,410,443,431,182,442],"class_list":["post-312","post","type-post","status-publish","format-standard","hentry","category-notre-projet-maison","tag-bernard-lannoy-defaut","tag-defaut","tag-escalier-sans-contre-marches","tag-portes-mal-placees","tag-probleme","tag-vitrage-depoli"],"_links":{"self":[{"href":"https:\/\/www.czeryba.com\/maison\/wp-json\/wp\/v2\/posts\/312","targetHints":{"allow":["GET"]}}],"collection":[{"href":"https:\/\/www.czeryba.com\/maison\/wp-json\/wp\/v2\/posts"}],"about":[{"href":"https:\/\/www.czeryba.com\/maison\/wp-json\/wp\/v2\/types\/post"}],"author":[{"embeddable":true,"href":"https:\/\/www.czeryba.com\/maison\/wp-json\/wp\/v2\/users\/2"}],"replies":[{"embeddable":true,"href":"https:\/\/www.czeryba.com\/maison\/wp-json\/wp\/v2\/comments?post=312"}],"version-history":[{"count":0,"href":"https:\/\/www.czeryba.com\/maison\/wp-json\/wp\/v2\/posts\/312\/revisions"}],"wp:attachment":[{"href":"https:\/\/www.czeryba.com\/maison\/wp-json\/wp\/v2\/media?parent=312"}],"wp:term":[{"taxonomy":"category","embeddable":true,"href":"https:\/\/www.czeryba.com\/maison\/wp-json\/wp\/v2\/categories?post=312"},{"taxonomy":"post_tag","embeddable":true,"href":"https:\/\/www.czeryba.com\/maison\/wp-json\/wp\/v2\/tags?post=312"}],"curies":[{"name":"wp","href":"https:\/\/api.w.org\/{rel}","templated":true}]}}