{"id":355,"date":"2008-05-17T21:03:46","date_gmt":"2008-05-17T20:03:46","guid":{"rendered":"https:\/\/www.czeryba.com\/maison\/?p=355"},"modified":"2008-05-21T00:33:27","modified_gmt":"2008-05-20T23:33:27","slug":"satisfaction","status":"publish","type":"post","link":"https:\/\/www.czeryba.com\/maison\/2008\/05\/17\/satisfaction\/","title":{"rendered":"Satisfaction"},"content":{"rendered":"<p>Nouvelle visite et l\u00e0 : satisfaction ! \ud83d\ude42<\/p>\n<p>En entrant dans la maison, bonne surprise, les cadres des portes ont \u00e9t\u00e9 repositionn\u00e9s. On est donc maintenant conforme aux modifs valid\u00e9es en octobre : Parfait !<\/p>\n<p><img loading=\"lazy\" decoding=\"async\" class=\"aligncenter size-full wp-image-343\" title=\"Modification de l'emplacement des portes\" src=\"https:\/\/www.czeryba.com\/maison\/wp-content\/uploads\/2008\/04\/plan-modifie.jpg\" alt=\"Modification de l'emplacement des portes\" width=\"500\" height=\"332\" \/><\/p>\n<p><img loading=\"lazy\" decoding=\"async\" class=\"aligncenter size-full wp-image-343\" title=\"Cadres des portes corrig\u00e9s\" src=\"https:\/\/www.czeryba.com\/maison\/wp-content\/uploads\/2008\/05\/cadres-des-portes.jpg\" alt=\"Cadres des portes corrig\u00e9s\" width=\"500\" height=\"332\" srcset=\"https:\/\/www.czeryba.com\/maison\/wp-content\/uploads\/2008\/05\/cadres-des-portes.jpg 500w, https:\/\/www.czeryba.com\/maison\/wp-content\/uploads\/2008\/05\/cadres-des-portes-300x199.jpg 300w\" sizes=\"auto, (max-width: 500px) 100vw, 500px\" \/><\/p>\n<p><img loading=\"lazy\" decoding=\"async\" class=\"aligncenter size-full wp-image-344\" title=\"Cadres des portes corrig\u00e9s - Autre angle de vue\" src=\"https:\/\/www.czeryba.com\/maison\/wp-content\/uploads\/2008\/05\/cadres-des-portes-2.jpg\" alt=\"Cadres des portes corrig\u00e9s - Autre angle de vue\" width=\"500\" height=\"332\" srcset=\"https:\/\/www.czeryba.com\/maison\/wp-content\/uploads\/2008\/05\/cadres-des-portes-2.jpg 500w, https:\/\/www.czeryba.com\/maison\/wp-content\/uploads\/2008\/05\/cadres-des-portes-2-300x199.jpg 300w\" sizes=\"auto, (max-width: 500px) 100vw, 500px\" \/><\/p>\n<p>Nouvelle couche d&rsquo;enduit sur les plafonds :<\/p>\n<p><img loading=\"lazy\" decoding=\"async\" class=\"aligncenter size-full wp-image-347\" title=\"Nouvelle couche d'enduit sur les plafonds\" src=\"https:\/\/www.czeryba.com\/maison\/wp-content\/uploads\/2008\/05\/enduit-plafond1.jpg\" alt=\"Nouvelle couche d'enduit sur les plafonds\" width=\"500\" height=\"332\" srcset=\"https:\/\/www.czeryba.com\/maison\/wp-content\/uploads\/2008\/05\/enduit-plafond1.jpg 500w, https:\/\/www.czeryba.com\/maison\/wp-content\/uploads\/2008\/05\/enduit-plafond1-300x199.jpg 300w\" sizes=\"auto, (max-width: 500px) 100vw, 500px\" \/><\/p>\n<p>A ce propos, savez-vous comment est fix\u00e9 le plafond ?<br \/>\nLa r\u00e9ponse en image :<\/p>\n<p><img loading=\"lazy\" decoding=\"async\" class=\"aligncenter size-full wp-image-352\" title=\"Comment est fait un plafond ?\" src=\"https:\/\/www.czeryba.com\/maison\/wp-content\/uploads\/2008\/05\/plafond.jpg\" alt=\"Comment est fait un plafond ?\" width=\"500\" height=\"375\" srcset=\"https:\/\/www.czeryba.com\/maison\/wp-content\/uploads\/2008\/05\/plafond.jpg 500w, https:\/\/www.czeryba.com\/maison\/wp-content\/uploads\/2008\/05\/plafond-300x225.jpg 300w\" sizes=\"auto, (max-width: 500px) 100vw, 500px\" \/><\/p>\n<p>En ce qui concerne les placos des murs, ils sont coll\u00e9s aux parpaings au moyen de 7 points d&rsquo;un mortier colle bien \u00e9pais. L&rsquo;isolation est donc compl\u00e8te avec les briques, le vide d&rsquo;air de 4 cm, les parpaings de 15, encore un peu d&rsquo;air (~ 3 cm) d\u00fb \u00e0 l&rsquo;\u00e9paisseur de la colle et enfin le placo pr\u00e9gysytyr\u00e8ne de 10 cm.<\/p>\n<p><img loading=\"lazy\" decoding=\"async\" class=\"aligncenter size-full wp-image-345\" title=\"Collage des placos sur les parpaings\" src=\"https:\/\/www.czeryba.com\/maison\/wp-content\/uploads\/2008\/05\/collage-placos.jpg\" alt=\"Collage des placos sur les parpaings\" width=\"500\" height=\"753\" srcset=\"https:\/\/www.czeryba.com\/maison\/wp-content\/uploads\/2008\/05\/collage-placos.jpg 500w, https:\/\/www.czeryba.com\/maison\/wp-content\/uploads\/2008\/05\/collage-placos-199x300.jpg 199w\" sizes=\"auto, (max-width: 500px) 100vw, 500px\" \/><\/p>\n<p>Toujours sur les placos, les platriers ont fait les d\u00e9coupes pour les gaines et prises \u00e9lectriques :<\/p>\n<p><img loading=\"lazy\" decoding=\"async\" class=\"aligncenter size-full wp-image-354\" title=\"D\u00e9coupes dans les placos pour les prises \u00e9lectriques\" src=\"https:\/\/www.czeryba.com\/maison\/wp-content\/uploads\/2008\/05\/prises-dans-placo.jpg\" alt=\"D\u00e9coupes dans les placos pour les prises \u00e9lectriques\" width=\"500\" height=\"332\" srcset=\"https:\/\/www.czeryba.com\/maison\/wp-content\/uploads\/2008\/05\/prises-dans-placo.jpg 500w, https:\/\/www.czeryba.com\/maison\/wp-content\/uploads\/2008\/05\/prises-dans-placo-300x199.jpg 300w\" sizes=\"auto, (max-width: 500px) 100vw, 500px\" \/><\/p>\n<p>Suite de la visite : Depuis la pose de la porte de garage, nous n&rsquo;avons plus eu acc\u00e8s au sous-sol et depuis la pose de la charpente, nous n&rsquo;avions jamais pu voir le comble am\u00e9nageable, les escaliers n&rsquo;\u00e9tant pas install\u00e9s.<br \/>\nPour assouvir notre curiosit\u00e9, munis d&rsquo;une grande \u00e9chelle, nous avons d\u00e9couvert les \u00e9tages.<\/p>\n<p><strong><span style=\"text-decoration: underline;\">Le comble am\u00e9nageable<\/span><\/strong> : Ici, on peut voir les bo\u00eetiers de d\u00e9rivation \u00e9lectrique.<br \/>\nJ&rsquo;en ai vu 3. La VMC devrait \u00e9galement se trouver \u00e0 cet emplacement, ainsi que les cables antennes TV.<\/p>\n<p><img loading=\"lazy\" decoding=\"async\" class=\"aligncenter size-full wp-image-350\" title=\"Boitiers de d\u00e9rivation \u00e9lectrique dans le comble\" src=\"https:\/\/www.czeryba.com\/maison\/wp-content\/uploads\/2008\/05\/laine-de-verre1.jpg\" alt=\"Boitiers de d\u00e9rivation \u00e9lectrique dans le comble\" width=\"500\" height=\"332\" srcset=\"https:\/\/www.czeryba.com\/maison\/wp-content\/uploads\/2008\/05\/laine-de-verre1.jpg 500w, https:\/\/www.czeryba.com\/maison\/wp-content\/uploads\/2008\/05\/laine-de-verre1-300x199.jpg 300w\" sizes=\"auto, (max-width: 500px) 100vw, 500px\" \/><\/p>\n<p>La laine de verre est pos\u00e9e entre les solives :<br \/>\nAu passage, je suis ravi de la luminosit\u00e9 apport\u00e9e par les 2 Velux.<br \/>\nMalgr\u00e9 l&rsquo;heure (18h) et l&rsquo;exposition (plein Nord), le comble est bien clair.<\/p>\n<p><img loading=\"lazy\" decoding=\"async\" class=\"aligncenter size-full wp-image-351\" title=\"Pose de la laine de verre\" src=\"https:\/\/www.czeryba.com\/maison\/wp-content\/uploads\/2008\/05\/laine-de-verre-2.jpg\" alt=\"Pose de la laine de verre\" width=\"500\" height=\"332\" srcset=\"https:\/\/www.czeryba.com\/maison\/wp-content\/uploads\/2008\/05\/laine-de-verre-2.jpg 500w, https:\/\/www.czeryba.com\/maison\/wp-content\/uploads\/2008\/05\/laine-de-verre-2-300x199.jpg 300w\" sizes=\"auto, (max-width: 500px) 100vw, 500px\" \/><\/p>\n<p><strong><span style=\"text-decoration: underline;\">Le sous-sol<\/span><\/strong> :<br \/>\nN&rsquo;ayant pas pris soin de recharger la batterie de mon APN, celle-ci m&rsquo;a l\u00e2ch\u00e9 \u00e0 ce moment l\u00e0 de la visite (Grrr&#8230;). Ces photos ont donc \u00e9t\u00e9 prises avec mon t\u00e9l\u00e9phone dans l&rsquo;obscurit\u00e9. Ceci dit, \u00e7\u00e0 aurait pu \u00eatre pire, il ne se d\u00e9brouille pas si mal mon petit K770i.<\/p>\n<p>Le point de convergence du r\u00e9seau \u00e9lectrique. C&rsquo;est ici que sera install\u00e9 le futur compteur.<\/p>\n<p><img loading=\"lazy\" decoding=\"async\" class=\"aligncenter size-full wp-image-348\" title=\"Les fils du futur compteur \u00e9lectrique\" src=\"https:\/\/www.czeryba.com\/maison\/wp-content\/uploads\/2008\/05\/fils-sous-sol.jpg\" alt=\"Les fils du futur compteur \u00e9lectrique\" width=\"500\" height=\"666\" srcset=\"https:\/\/www.czeryba.com\/maison\/wp-content\/uploads\/2008\/05\/fils-sous-sol.jpg 500w, https:\/\/www.czeryba.com\/maison\/wp-content\/uploads\/2008\/05\/fils-sous-sol-225x300.jpg 225w\" sizes=\"auto, (max-width: 500px) 100vw, 500px\" \/><\/p>\n<p>Enfin, d\u00e9couverte de la porte sectionnelle, vue de l&rsquo;int\u00e9rieur, avec ses rails et son m\u00e9canisme. Elle est, comme les menuiseries, bi-colore, marron 8019 \u00e0 l&rsquo;ext\u00e9rieur et blanche \u00e0 l&rsquo;int\u00e9rieur.<\/p>\n<p><img loading=\"lazy\" decoding=\"async\" class=\"aligncenter size-full wp-image-353\" title=\"Porte de garage sectionnelle\" src=\"https:\/\/www.czeryba.com\/maison\/wp-content\/uploads\/2008\/05\/porte-de-garage.jpg\" alt=\"Porte de garage sectionnelle\" width=\"500\" height=\"375\" srcset=\"https:\/\/www.czeryba.com\/maison\/wp-content\/uploads\/2008\/05\/porte-de-garage.jpg 500w, https:\/\/www.czeryba.com\/maison\/wp-content\/uploads\/2008\/05\/porte-de-garage-300x225.jpg 300w\" sizes=\"auto, (max-width: 500px) 100vw, 500px\" \/><\/p>\n","protected":false},"excerpt":{"rendered":"<p>Nouvelle visite et l\u00e0 : satisfaction ! \ud83d\ude42 En entrant dans la maison, bonne surprise, les cadres des portes ont \u00e9t\u00e9 repositionn\u00e9s. On est donc maintenant conforme aux modifs valid\u00e9es en octobre : Parfait ! Nouvelle couche d&rsquo;enduit sur les plafonds : A ce propos, savez-vous comment est fix\u00e9 le plafond ? La r\u00e9ponse en [&hellip;]<\/p>\n","protected":false},"author":2,"featured_media":0,"comment_status":"open","ping_status":"open","sticky":false,"template":"","format":"standard","meta":{"footnotes":""},"categories":[307,462,1],"tags":[476,456,480,832,474,475,457,471,283,150,482,477,481,348,303,479,473,478,472],"class_list":["post-355","post","type-post","status-publish","format-standard","hentry","category-charpente","category-cloisons","category-notre-projet-maison","tag-cadre-de-porte","tag-carreaux-de-platre","tag-carreaux-lafarge","tag-cloisons","tag-echelle","tag-fixation","tag-lafarge","tag-laine-de-verre","tag-lannoy-bernard","tag-maisons-lannoy","tag-mortier-colle","tag-panneau-hydrofuge","tag-placo-platre","tag-plafond","tag-porte-de-garage","tag-porte-motorisee","tag-porte-sectionnelle","tag-reseau-electrique","tag-solives"],"_links":{"self":[{"href":"https:\/\/www.czeryba.com\/maison\/wp-json\/wp\/v2\/posts\/355","targetHints":{"allow":["GET"]}}],"collection":[{"href":"https:\/\/www.czeryba.com\/maison\/wp-json\/wp\/v2\/posts"}],"about":[{"href":"https:\/\/www.czeryba.com\/maison\/wp-json\/wp\/v2\/types\/post"}],"author":[{"embeddable":true,"href":"https:\/\/www.czeryba.com\/maison\/wp-json\/wp\/v2\/users\/2"}],"replies":[{"embeddable":true,"href":"https:\/\/www.czeryba.com\/maison\/wp-json\/wp\/v2\/comments?post=355"}],"version-history":[{"count":0,"href":"https:\/\/www.czeryba.com\/maison\/wp-json\/wp\/v2\/posts\/355\/revisions"}],"wp:attachment":[{"href":"https:\/\/www.czeryba.com\/maison\/wp-json\/wp\/v2\/media?parent=355"}],"wp:term":[{"taxonomy":"category","embeddable":true,"href":"https:\/\/www.czeryba.com\/maison\/wp-json\/wp\/v2\/categories?post=355"},{"taxonomy":"post_tag","embeddable":true,"href":"https:\/\/www.czeryba.com\/maison\/wp-json\/wp\/v2\/tags?post=355"}],"curies":[{"name":"wp","href":"https:\/\/api.w.org\/{rel}","templated":true}]}}