{"id":356,"date":"2008-05-21T12:15:59","date_gmt":"2008-05-21T11:15:59","guid":{"rendered":"https:\/\/www.czeryba.com\/maison\/?p=356"},"modified":"2008-05-22T14:04:39","modified_gmt":"2008-05-22T13:04:39","slug":"cloisons-interieures","status":"publish","type":"post","link":"https:\/\/www.czeryba.com\/maison\/2008\/05\/21\/cloisons-interieures\/","title":{"rendered":"Cloisons int\u00e9rieures"},"content":{"rendered":"<p>Les platriers se sont rapidement attaqu\u00e9s aux cloisons int\u00e9rieures, la maison prend un tout autre aspect. Nous r\u00e9alisons maintenant et concr\u00e8tement l&rsquo;espace de chacune des pi\u00e8ces.<br \/>\nPour vous donner un aper\u00e7u global de l&rsquo;ensemble, rien de tel qu&rsquo;une petite vid\u00e9o, r\u00e9alis\u00e9e ici par Isabelle.<\/p>\n<p>[flashvideo filename=\u00a0\u00bbhttps:\/\/www.czeryba.com\/maison\/wp-content\/uploads\/videos\/cloisons-interieures-bernard-lannoy.flv\u00a0\u00bb image=\u00a0\u00bbwp-content\/uploads\/videos\/cloisons-interieures-bernard-lannoy.jpg\u00a0\u00bb \/]<\/p>\n","protected":false},"excerpt":{"rendered":"<p>Les platriers se sont rapidement attaqu\u00e9s aux cloisons int\u00e9rieures, la maison prend un tout autre aspect. Nous r\u00e9alisons maintenant et concr\u00e8tement l&rsquo;espace de chacune des pi\u00e8ces. Pour vous donner un aper\u00e7u global de l&rsquo;ensemble, rien de tel qu&rsquo;une petite vid\u00e9o, r\u00e9alis\u00e9e ici par Isabelle. [flashvideo filename=\u00a0\u00bbhttps:\/\/www.czeryba.com\/maison\/wp-content\/uploads\/videos\/cloisons-interieures-bernard-lannoy.flv\u00a0\u00bb image=\u00a0\u00bbwp-content\/uploads\/videos\/cloisons-interieures-bernard-lannoy.jpg\u00a0\u00bb \/]<\/p>\n","protected":false},"author":2,"featured_media":0,"comment_status":"open","ping_status":"open","sticky":false,"template":"","format":"standard","meta":{"footnotes":""},"categories":[462,1],"tags":[76,485,483,14,349,487,484,486,488,489],"class_list":["post-356","post","type-post","status-publish","format-standard","hentry","category-cloisons","category-notre-projet-maison","tag-bernard-lannoy","tag-carreau-de-platre","tag-cloison","tag-maison","tag-placo","tag-plaquiste","tag-platre","tag-platrier","tag-rail-placo","tag-rails"],"_links":{"self":[{"href":"https:\/\/www.czeryba.com\/maison\/wp-json\/wp\/v2\/posts\/356","targetHints":{"allow":["GET"]}}],"collection":[{"href":"https:\/\/www.czeryba.com\/maison\/wp-json\/wp\/v2\/posts"}],"about":[{"href":"https:\/\/www.czeryba.com\/maison\/wp-json\/wp\/v2\/types\/post"}],"author":[{"embeddable":true,"href":"https:\/\/www.czeryba.com\/maison\/wp-json\/wp\/v2\/users\/2"}],"replies":[{"embeddable":true,"href":"https:\/\/www.czeryba.com\/maison\/wp-json\/wp\/v2\/comments?post=356"}],"version-history":[{"count":0,"href":"https:\/\/www.czeryba.com\/maison\/wp-json\/wp\/v2\/posts\/356\/revisions"}],"wp:attachment":[{"href":"https:\/\/www.czeryba.com\/maison\/wp-json\/wp\/v2\/media?parent=356"}],"wp:term":[{"taxonomy":"category","embeddable":true,"href":"https:\/\/www.czeryba.com\/maison\/wp-json\/wp\/v2\/categories?post=356"},{"taxonomy":"post_tag","embeddable":true,"href":"https:\/\/www.czeryba.com\/maison\/wp-json\/wp\/v2\/tags?post=356"}],"curies":[{"name":"wp","href":"https:\/\/api.w.org\/{rel}","templated":true}]}}