{"id":357,"date":"2008-05-20T13:27:35","date_gmt":"2008-05-20T12:27:35","guid":{"rendered":"https:\/\/www.czeryba.com\/maison\/?p=357"},"modified":"2008-05-22T17:30:06","modified_gmt":"2008-05-22T16:30:06","slug":"point-planning","status":"publish","type":"post","link":"https:\/\/www.czeryba.com\/maison\/2008\/05\/20\/point-planning\/","title":{"rendered":"Point planning raccordements"},"content":{"rendered":"<p>Nous sommes en pleines d\u00e9marches aupr\u00e8s de EDF, ERDF, GDF et GRDF&#8230;<br \/>\nC&rsquo;est un peu le bazard depuis l&rsquo;ouverture du march\u00e9 de l&rsquo;Energie \u00e0 la concurrence.<\/p>\n<p>Je contacte EDF, c&rsquo;est ERDF qui me r\u00e9pond.<br \/>\nJe contacte GRDF, c&rsquo;est GDF qui me rappelle&#8230;<\/p>\n<p>Enfin, le tout c&rsquo;est que les raccordements soient planifi\u00e9s, c&rsquo;est tout ce qui compte.<\/p>\n<p>D&rsquo;apr\u00e8s ERDF, la pose de notre coffret \u00e9lectrique et le raccordement devraient avoir lieu  \u00e0 partir de la mi-juin, sans plus de pr\u00e9cision pour l&rsquo;instant.<\/p>\n<p>C\u00f4t\u00e9 Gaz,  je viens d&rsquo;\u00e9tre rappel\u00e9 par GDF cette fois pour me donner la date de leur intervention.<br \/>\nCe sera le Mercredi 11 Juin : Pose du coffret Gaz  +  soudure et raccordement au r\u00e9seau.<\/p>\n<p>C\u00f4t\u00e9 Maison : discussion avec M. \u00ab\u00a0T\u00a0\u00bb au sujet de la pr\u00e9vision de la r\u00e9alisation de la tranch\u00e9e \u00ab\u00a0Assainissement &#8211; Raccordement\u00a0\u00bb, d&rsquo;apr\u00e8s lui, ce sera fait pour le 10 juillet. A cette date, le consuel pour l&rsquo;\u00e9lectricit\u00e9 et le certificat de conformit\u00e9 pour le gaz devraient \u00eatre obtenus. Ils ne restera alors qu&rsquo;\u00e0 prendre un nouveau rendez-vous avec les op\u00e9rateurs \u00e9nerg\u00e9tiques choisis pour la mise en service.<br \/>\nC\u00e0 va quand m\u00eame \u00eatre serr\u00e9 puisque nous emm\u00e9nagerons dans la foul\u00e9e de la r\u00e9ception de la maison.<\/p>\n<p>A suivre&#8230;<\/p>\n","protected":false},"excerpt":{"rendered":"<p>Nous sommes en pleines d\u00e9marches aupr\u00e8s de EDF, ERDF, GDF et GRDF&#8230; C&rsquo;est un peu le bazard depuis l&rsquo;ouverture du march\u00e9 de l&rsquo;Energie \u00e0 la concurrence. Je contacte EDF, c&rsquo;est ERDF qui me r\u00e9pond. Je contacte GRDF, c&rsquo;est GDF qui me rappelle&#8230; Enfin, le tout c&rsquo;est que les raccordements soient planifi\u00e9s, c&rsquo;est tout ce qui [&hellip;]<\/p>\n","protected":false},"author":2,"featured_media":0,"comment_status":"open","ping_status":"open","sticky":false,"template":"","format":"standard","meta":{"footnotes":""},"categories":[1,490],"tags":[498,499,497,493,829,491,347,492,494,495,496,346],"class_list":["post-357","post","type-post","status-publish","format-standard","hentry","category-notre-projet-maison","category-raccordements","tag-certificat-de-conformite","tag-conformite","tag-consuel","tag-edf","tag-electricite","tag-energie","tag-erdf","tag-gaz","tag-gdf","tag-grdf","tag-ouverture-du-marche","tag-raccordement"],"_links":{"self":[{"href":"https:\/\/www.czeryba.com\/maison\/wp-json\/wp\/v2\/posts\/357","targetHints":{"allow":["GET"]}}],"collection":[{"href":"https:\/\/www.czeryba.com\/maison\/wp-json\/wp\/v2\/posts"}],"about":[{"href":"https:\/\/www.czeryba.com\/maison\/wp-json\/wp\/v2\/types\/post"}],"author":[{"embeddable":true,"href":"https:\/\/www.czeryba.com\/maison\/wp-json\/wp\/v2\/users\/2"}],"replies":[{"embeddable":true,"href":"https:\/\/www.czeryba.com\/maison\/wp-json\/wp\/v2\/comments?post=357"}],"version-history":[{"count":0,"href":"https:\/\/www.czeryba.com\/maison\/wp-json\/wp\/v2\/posts\/357\/revisions"}],"wp:attachment":[{"href":"https:\/\/www.czeryba.com\/maison\/wp-json\/wp\/v2\/media?parent=357"}],"wp:term":[{"taxonomy":"category","embeddable":true,"href":"https:\/\/www.czeryba.com\/maison\/wp-json\/wp\/v2\/categories?post=357"},{"taxonomy":"post_tag","embeddable":true,"href":"https:\/\/www.czeryba.com\/maison\/wp-json\/wp\/v2\/tags?post=357"}],"curies":[{"name":"wp","href":"https:\/\/api.w.org\/{rel}","templated":true}]}}