{"id":358,"date":"2008-05-24T19:24:06","date_gmt":"2008-05-24T18:24:06","guid":{"rendered":"https:\/\/www.czeryba.com\/maison\/?p=358"},"modified":"2008-05-25T03:30:33","modified_gmt":"2008-05-25T02:30:33","slug":"escalier","status":"publish","type":"post","link":"https:\/\/www.czeryba.com\/maison\/2008\/05\/24\/escalier\/","title":{"rendered":"Going upstairs"},"content":{"rendered":"<p>Ces derniers jours, de nouveaux changements, les cloisons int\u00e9rieures sont termin\u00e9es. Il restait un mur d&rsquo;une des chambres et les cloisons du salon : c&rsquo;est fait !<br \/>\nIci la cloison salon &#8211; couloir :<\/p>\n<p><img loading=\"lazy\" decoding=\"async\" class=\"aligncenter size-full wp-image-368\" title=\"La cloison salon - couloir\" src=\"https:\/\/www.czeryba.com\/maison\/wp-content\/uploads\/2008\/05\/cloison-salon.jpg\" alt=\"La cloison salon - couloir\" width=\"500\" height=\"375\" srcset=\"https:\/\/www.czeryba.com\/maison\/wp-content\/uploads\/2008\/05\/cloison-salon.jpg 640w, https:\/\/www.czeryba.com\/maison\/wp-content\/uploads\/2008\/05\/cloison-salon-300x225.jpg 300w\" sizes=\"auto, (max-width: 500px) 100vw, 500px\" \/><\/p>\n<p>Et l\u00e0, la mini-cloison salon &#8211; cuisine : Nous optons pour la cuisine ouverte.<\/p>\n<p><img loading=\"lazy\" decoding=\"async\" class=\"aligncenter size-full wp-image-369\" title=\"La cloison salon - cuisine\" src=\"https:\/\/www.czeryba.com\/maison\/wp-content\/uploads\/2008\/05\/cloison-salon-cuisine.jpg\" alt=\"La cloison salon - cuisine\" width=\"500\" height=\"332\" srcset=\"https:\/\/www.czeryba.com\/maison\/wp-content\/uploads\/2008\/05\/cloison-salon-cuisine.jpg 2048w, https:\/\/www.czeryba.com\/maison\/wp-content\/uploads\/2008\/05\/cloison-salon-cuisine-300x199.jpg 300w\" sizes=\"auto, (max-width: 500px) 100vw, 500px\" \/><\/p>\n<p>La nouveaut\u00e9 c&rsquo;est l&rsquo;escalier menant du rez de chauss\u00e9e au comble :<br \/>\nBernard Lannoy \u00e9tant l&rsquo;un des rares constructeurs \u00e0 fabriquer lui-m\u00eame ses propres menuiseries Bois, cet escalier sort tr\u00e8s probablement de l&rsquo;Atelier<br \/>\nd&rsquo;Aubigny au bac.<\/p>\n<p><img loading=\"lazy\" decoding=\"async\" class=\"aligncenter size-full wp-image-361\" title=\"L'escalier made in Bernard Lannoy\" src=\"https:\/\/www.czeryba.com\/maison\/wp-content\/uploads\/2008\/05\/escalier-bernard-lannoy.jpg\" alt=\"L'escalier made in Bernard Lannoy\" width=\"500\" height=\"332\" srcset=\"https:\/\/www.czeryba.com\/maison\/wp-content\/uploads\/2008\/05\/escalier-bernard-lannoy.jpg 500w, https:\/\/www.czeryba.com\/maison\/wp-content\/uploads\/2008\/05\/escalier-bernard-lannoy-300x199.jpg 300w\" sizes=\"auto, (max-width: 500px) 100vw, 500px\" \/><\/p>\n<p>Les fameuses contre-marches :<\/p>\n<p><img loading=\"lazy\" decoding=\"async\" class=\"aligncenter size-full wp-image-362\" title=\"L'escalier avec ses contre-marches\" src=\"https:\/\/www.czeryba.com\/maison\/wp-content\/uploads\/2008\/05\/escalier-contre-marche.jpg\" alt=\"L'escalier avec ses contre-marches\" width=\"500\" height=\"332\" srcset=\"https:\/\/www.czeryba.com\/maison\/wp-content\/uploads\/2008\/05\/escalier-contre-marche.jpg 500w, https:\/\/www.czeryba.com\/maison\/wp-content\/uploads\/2008\/05\/escalier-contre-marche-300x199.jpg 300w\" sizes=\"auto, (max-width: 500px) 100vw, 500px\" \/><\/p>\n<p>Le haut de l&rsquo;escalier :<\/p>\n<p><img loading=\"lazy\" decoding=\"async\" class=\"aligncenter size-full wp-image-365\" title=\"Le haut de l'escalier\" src=\"https:\/\/www.czeryba.com\/maison\/wp-content\/uploads\/2008\/05\/haut-escalier.jpg\" alt=\"Le haut de l'escalier\" width=\"500\" height=\"332\" srcset=\"https:\/\/www.czeryba.com\/maison\/wp-content\/uploads\/2008\/05\/haut-escalier.jpg 500w, https:\/\/www.czeryba.com\/maison\/wp-content\/uploads\/2008\/05\/haut-escalier-300x199.jpg 300w\" sizes=\"auto, (max-width: 500px) 100vw, 500px\" \/><\/p>\n<p>Fixation de l&rsquo;escalier :<\/p>\n<p><img loading=\"lazy\" decoding=\"async\" class=\"aligncenter size-full wp-image-363\" title=\"Fixation de l'escalier\" src=\"https:\/\/www.czeryba.com\/maison\/wp-content\/uploads\/2008\/05\/escalier-fixation.jpg\" alt=\"Fixation de l'escalier\" width=\"500\" height=\"332\" srcset=\"https:\/\/www.czeryba.com\/maison\/wp-content\/uploads\/2008\/05\/escalier-fixation.jpg 500w, https:\/\/www.czeryba.com\/maison\/wp-content\/uploads\/2008\/05\/escalier-fixation-300x199.jpg 300w\" sizes=\"auto, (max-width: 500px) 100vw, 500px\" \/><\/p>\n<p>L&rsquo;escalier du sous-sol, quant \u00e0 lui, a \u00e9t\u00e9 plac\u00e9 dans le salon en attendant, j&rsquo;imagine, que les cloisons d\u00e9limitant le premier escalier soient termin\u00e9es.<\/p>\n<p><img loading=\"lazy\" decoding=\"async\" class=\"aligncenter size-full wp-image-364\" title=\"L'escalier du sous-sol\" src=\"https:\/\/www.czeryba.com\/maison\/wp-content\/uploads\/2008\/05\/escalier-sous-sol1.jpg\" alt=\"L'escalier du sous-sol\" width=\"500\" height=\"332\" srcset=\"https:\/\/www.czeryba.com\/maison\/wp-content\/uploads\/2008\/05\/escalier-sous-sol1.jpg 500w, https:\/\/www.czeryba.com\/maison\/wp-content\/uploads\/2008\/05\/escalier-sous-sol1-300x199.jpg 300w\" sizes=\"auto, (max-width: 500px) 100vw, 500px\" \/><\/p>\n<p>Dans le salon, une des double-gaines pour le chauffage semble mal plac\u00e9e.<br \/>\nJe crois qu&rsquo;elle devrait \u00eatre de l&rsquo;autre c\u00f4t\u00e9 de la cloison, pour placer un radiateur dans le couloir et non dans le salon car \u00e0 cet emplacement c&rsquo;est le meuble TV&#8230;<br \/>\nIl n&rsquo;y aura pas de place pour un radiateur&#8230;<\/p>\n<p><img loading=\"lazy\" decoding=\"async\" class=\"aligncenter size-full wp-image-360\" title=\"Branchement chauffage dans le salon\" src=\"https:\/\/www.czeryba.com\/maison\/wp-content\/uploads\/2008\/05\/branchement-salon.jpg\" alt=\"Branchement chauffage dans le salon\" width=\"500\" height=\"332\" srcset=\"https:\/\/www.czeryba.com\/maison\/wp-content\/uploads\/2008\/05\/branchement-salon.jpg 500w, https:\/\/www.czeryba.com\/maison\/wp-content\/uploads\/2008\/05\/branchement-salon-300x199.jpg 300w\" sizes=\"auto, (max-width: 500px) 100vw, 500px\" \/><\/p>\n<p>D&rsquo;autant plus qu&rsquo;un radiateur est d\u00e9j\u00e0 pr\u00e9vu sur le mur d&rsquo;\u00e0 c\u00f4t\u00e9, sous la fen\u00eatre :<\/p>\n<p><img loading=\"lazy\" decoding=\"async\" class=\"aligncenter size-full wp-image-370\" title=\"Gaine pour le radiateur du salon\" src=\"https:\/\/www.czeryba.com\/maison\/wp-content\/uploads\/2008\/05\/gaine-radiateur-salon.jpg\" alt=\"Gaine pour le radiateur du salon\" width=\"500\" height=\"332\" srcset=\"https:\/\/www.czeryba.com\/maison\/wp-content\/uploads\/2008\/05\/gaine-radiateur-salon.jpg 2048w, https:\/\/www.czeryba.com\/maison\/wp-content\/uploads\/2008\/05\/gaine-radiateur-salon-300x199.jpg 300w\" sizes=\"auto, (max-width: 500px) 100vw, 500px\" \/><\/p>\n<p><strong><span style=\"text-decoration: underline;\">Le jardin<\/span> :<\/strong><br \/>\nAvec l&rsquo;alternance de temps chaud et de pluies, la v\u00e9g\u00e9tation a pouss\u00e9 \u00e0 une vitesse, c&rsquo;est incroyable&#8230; La d\u00e9broussailleuse va chauffer cet \u00e9t\u00e9 !<\/p>\n<p><img loading=\"lazy\" decoding=\"async\" class=\"aligncenter size-full wp-image-366\" title=\"le jardin\" src=\"https:\/\/www.czeryba.com\/maison\/wp-content\/uploads\/2008\/05\/jardin.jpg\" alt=\"le jardin\" width=\"500\" height=\"332\" srcset=\"https:\/\/www.czeryba.com\/maison\/wp-content\/uploads\/2008\/05\/jardin.jpg 500w, https:\/\/www.czeryba.com\/maison\/wp-content\/uploads\/2008\/05\/jardin-300x199.jpg 300w\" sizes=\"auto, (max-width: 500px) 100vw, 500px\" \/><\/p>\n","protected":false},"excerpt":{"rendered":"<p>Ces derniers jours, de nouveaux changements, les cloisons int\u00e9rieures sont termin\u00e9es. Il restait un mur d&rsquo;une des chambres et les cloisons du salon : c&rsquo;est fait ! Ici la cloison salon &#8211; couloir : Et l\u00e0, la mini-cloison salon &#8211; cuisine : Nous optons pour la cuisine ouverte. La nouveaut\u00e9 c&rsquo;est l&rsquo;escalier menant du rez [&hellip;]<\/p>\n","protected":false},"author":2,"featured_media":0,"comment_status":"open","ping_status":"open","sticky":false,"template":"","format":"standard","meta":{"footnotes":""},"categories":[462,295,1],"tags":[76,483,502,835,505,500,508,506,504,370,349,501,507],"class_list":["post-358","post","type-post","status-publish","format-standard","hentry","category-cloisons","category-menuiseries","category-notre-projet-maison","tag-bernard-lannoy","tag-cloison","tag-comble","tag-comble-amenageable","tag-contre-marche","tag-esccalier","tag-hydrofuge","tag-jardin","tag-marches","tag-menuiserie","tag-placo","tag-rez-de-chaussee","tag-vegetation"],"_links":{"self":[{"href":"https:\/\/www.czeryba.com\/maison\/wp-json\/wp\/v2\/posts\/358","targetHints":{"allow":["GET"]}}],"collection":[{"href":"https:\/\/www.czeryba.com\/maison\/wp-json\/wp\/v2\/posts"}],"about":[{"href":"https:\/\/www.czeryba.com\/maison\/wp-json\/wp\/v2\/types\/post"}],"author":[{"embeddable":true,"href":"https:\/\/www.czeryba.com\/maison\/wp-json\/wp\/v2\/users\/2"}],"replies":[{"embeddable":true,"href":"https:\/\/www.czeryba.com\/maison\/wp-json\/wp\/v2\/comments?post=358"}],"version-history":[{"count":0,"href":"https:\/\/www.czeryba.com\/maison\/wp-json\/wp\/v2\/posts\/358\/revisions"}],"wp:attachment":[{"href":"https:\/\/www.czeryba.com\/maison\/wp-json\/wp\/v2\/media?parent=358"}],"wp:term":[{"taxonomy":"category","embeddable":true,"href":"https:\/\/www.czeryba.com\/maison\/wp-json\/wp\/v2\/categories?post=358"},{"taxonomy":"post_tag","embeddable":true,"href":"https:\/\/www.czeryba.com\/maison\/wp-json\/wp\/v2\/tags?post=358"}],"curies":[{"name":"wp","href":"https:\/\/api.w.org\/{rel}","templated":true}]}}