{"id":455,"date":"2008-06-24T20:37:50","date_gmt":"2008-06-24T19:37:50","guid":{"rendered":"https:\/\/www.czeryba.com\/maison\/?p=455"},"modified":"2008-06-25T20:45:11","modified_gmt":"2008-06-25T19:45:11","slug":"entrevue-de-conciliation-avec-frederic-lannoy","status":"publish","type":"post","link":"https:\/\/www.czeryba.com\/maison\/2008\/06\/24\/entrevue-de-conciliation-avec-frederic-lannoy\/","title":{"rendered":"Entrevue de conciliation avec Fr\u00e9d\u00e9ric Lannoy"},"content":{"rendered":"<p>Comme convenu nous avons rencontr\u00e9 Messieurs Lannoy et \u00ab\u00a0V\u00a0\u00bb.<br \/>\nM. Lannoy nous explique que plusieurs pistes avaient \u00e9t\u00e9 envisag\u00e9es :<\/p>\n<p>1) Demande directe \u00e0 Bubendorff et K-Line : Bubendorff n&rsquo;est pas en mesure de produire ce colori qui ne fait pas partie de ses standards et en gros, juste pour une demande isol\u00e9e, ils ne vont pas trop s&#8217;emb\u00eater.<\/p>\n<p>2) Teinture ou laquage : Cel\u00e0 n&rsquo;est pas possible car la teinte doit imp\u00e9rativement se faire \u00e0 chaud pour qu&rsquo;elle tienne dans le temps. Les volets roulants livr\u00e9s contiennent de la mousse polyur\u00e9thane qui \u00e9videmment ne supporterait pas de hautes temp\u00e9ratures.<\/p>\n<p>Nous en arrivons rapidement au constat suivant : malgr\u00e9 leurs recherches, il n&rsquo;y a pas de solution technique nous permettant d&rsquo;obtenir le colori demand\u00e9.<\/p>\n<p>M. Lannoy \u00e9voque alors une r\u00e9duction financi\u00e8re dont le montant sera \u00e0 d\u00e9terminer.<\/p>\n<p>Nous profitons de sa pr\u00e9sence pour montrer l&rsquo;\u00e9tat de la dalle du sous-sol qui sera bien \u00e0 ragr\u00e9er en quasi-int\u00e9gralit\u00e9. D&rsquo;apr\u00e8s M.\u00a0\u00bbV\u00a0\u00bb, cel\u00e0 pourrait se pr\u00e9voir \u00e0 compter du 15 juillet. Le sous-sol ne serait donc pas \u00ab\u00a0exploitable\u00a0\u00bb pour l&rsquo;enm\u00e9nagement.<br \/>\nIl va sans doute falloir pr\u00e9voir plus rapidement que pr\u00e9vu la pose d&rsquo;un plancher bois \u00e0 l&rsquo;\u00e9tage.<\/p>\n","protected":false},"excerpt":{"rendered":"<p>Comme convenu nous avons rencontr\u00e9 Messieurs Lannoy et \u00ab\u00a0V\u00a0\u00bb. M. Lannoy nous explique que plusieurs pistes avaient \u00e9t\u00e9 envisag\u00e9es : 1) Demande directe \u00e0 Bubendorff et K-Line : Bubendorff n&rsquo;est pas en mesure de produire ce colori qui ne fait pas partie de ses standards et en gros, juste pour une demande isol\u00e9e, ils ne [&hellip;]<\/p>\n","protected":false},"author":2,"featured_media":0,"comment_status":"open","ping_status":"open","sticky":false,"template":"","format":"standard","meta":{"footnotes":""},"categories":[1],"tags":[592,410,594,591,596,325,80,182,595],"class_list":["post-455","post","type-post","status-publish","format-standard","hentry","category-notre-projet-maison","tag-conciliation","tag-defaut","tag-frederic","tag-frederic-lannoy","tag-incident","tag-lannoy","tag-maison-lannoy","tag-probleme","tag-villain"],"_links":{"self":[{"href":"https:\/\/www.czeryba.com\/maison\/wp-json\/wp\/v2\/posts\/455","targetHints":{"allow":["GET"]}}],"collection":[{"href":"https:\/\/www.czeryba.com\/maison\/wp-json\/wp\/v2\/posts"}],"about":[{"href":"https:\/\/www.czeryba.com\/maison\/wp-json\/wp\/v2\/types\/post"}],"author":[{"embeddable":true,"href":"https:\/\/www.czeryba.com\/maison\/wp-json\/wp\/v2\/users\/2"}],"replies":[{"embeddable":true,"href":"https:\/\/www.czeryba.com\/maison\/wp-json\/wp\/v2\/comments?post=455"}],"version-history":[{"count":0,"href":"https:\/\/www.czeryba.com\/maison\/wp-json\/wp\/v2\/posts\/455\/revisions"}],"wp:attachment":[{"href":"https:\/\/www.czeryba.com\/maison\/wp-json\/wp\/v2\/media?parent=455"}],"wp:term":[{"taxonomy":"category","embeddable":true,"href":"https:\/\/www.czeryba.com\/maison\/wp-json\/wp\/v2\/categories?post=455"},{"taxonomy":"post_tag","embeddable":true,"href":"https:\/\/www.czeryba.com\/maison\/wp-json\/wp\/v2\/tags?post=455"}],"curies":[{"name":"wp","href":"https:\/\/api.w.org\/{rel}","templated":true}]}}